{"id":12400,"date":"2025-08-06T19:36:07","date_gmt":"2025-08-06T11:36:07","guid":{"rendered":"https:\/\/artgardenhub.com\/?p=12400"},"modified":"2025-08-06T19:36:09","modified_gmt":"2025-08-06T11:36:09","slug":"322-gave-me-goosebumps-in-oslo-during-the-2017-celebration-honoring-global-peacemakers-lukas-graham-silenced-the-entire-hall-with-his-performance-of-7-years-no-flashy-s","status":"publish","type":"post","link":"https:\/\/artgardenhub.com\/?p=12400","title":{"rendered":"3:22 gave me goosebumps \u2013 In Oslo, during the 2017 celebration honoring global peacemakers, Lukas Graham silenced the entire hall with his performance of \u201c7 Years.\u201d No flashy stage effects, no choreography \u2014 just one man recounting a journey from childhood to loss. Lukas sang as if speaking to the world itself: that peace begins with memory, with family, with the familiar. And as he reached the final line, \u201cWill I think the world is cold?\u201d thousands sat in breathless stillness. A simple ballad\u2026 transformed into a prayer."},"content":{"rendered":"\n<p><\/p>\n\n\n\n<p><strong>\u201cOnly 7 Years to Forever\u201d \u2014 Lukas Graham Moves the World at Nobel Peace Prize Concert with Unforgettable Performance<\/strong><\/p>\n\n\n\n<figure class=\"wp-block-image\"><img decoding=\"async\" src=\"https:\/\/i.ytimg.com\/vi\/vSHFgkrdVZA\/maxresdefault.jpg\" alt=\"Lukas Graham - &quot;7 Years&quot; en Session Tr\u00e8s Tr\u00e8s Priv\u00e9e\"\/><\/figure>\n\n\n\n<p>Oslo, December 11, 2017 \u2014 In a concert hall filled with dignitaries, diplomats, and global changemakers,&nbsp;<strong>Lukas Graham<\/strong>&nbsp;stood barefoot in quiet defiance of formality \u2014 and delivered one of the most poignant moments in&nbsp;<strong>Nobel Peace Prize Concert<\/strong>&nbsp;history.<\/p>\n\n\n\n<figure class=\"wp-block-image\"><img decoding=\"async\" src=\"https:\/\/i.ytimg.com\/vi\/s5D5SBtTmkQ\/hq720.jpg?sqp=-oaymwE7CK4FEIIDSFryq4qpAy0IARUAAAAAGAElAADIQj0AgKJD8AEB-AH-CYAC0AWKAgwIABABGEwgEyh_MA8=&amp;rs=AOn4CLAY7hrpj-TpQP4a9apQwwQ4RX4Gyw\" alt=\"Lukas Graham - &quot;7 Years&quot; - Live From 2017 New Years Rockin' Eve [EXTRAS] - YouTube\"\/><\/figure>\n\n\n\n<p>Performing their global hit&nbsp;<em>\u201c7 Years\u201d<\/em>, the Danish band, led by frontman&nbsp;<strong>Lukas Forchhammer<\/strong>, turned the Oslo stage into a confessional of memory and time. With just a piano, strings, and his voice, Lukas sang of childhood dreams, fatherhood, and loss \u2014 a message that transcended borders and politics, resonating deeply with the spirit of the evening.<\/p>\n\n\n\n<figure class=\"wp-block-image\"><img decoding=\"async\" src=\"https:\/\/www.shutterstock.com\/editorial\/image-editorial\/OeTbM804Mfzagf13MTE5NQ==\/lukas-forchhammer-danish-pop-band-graham-performs-440nw-9276712f.jpg\" alt=\"Lukas Forchhammer Danish Pop Band Lukas Redak\u010dn\u00ed stock fotografie \u2013 stock sn\u00edmek | Shutterstock Editorial\"\/><\/figure>\n\n\n\n<p>By the time he reached the final verse, \u201cSoon I\u2019ll be sixty years old\u2026 will I think the world is cold?\u201d the crowd sat in reverent silence. Even among Nobel laureates, few moments carried such raw human truth.<\/p>\n\n\n\n<h1 id=\"video-below\" class=\"wp-block-heading\">VIDEO BELOW\u00a0<\/h1>\n\n\n\n<figure class=\"wp-block-embed is-type-rich is-provider-embed-handler wp-block-embed-embed-handler wp-embed-aspect-16-9 wp-has-aspect-ratio\"><div class=\"wp-block-embed__wrapper\">\n<iframe loading=\"lazy\" title=\"Lukas Graham - 7 Years | The 2017 Nobel Peace Prize Concert\" width=\"1200\" height=\"675\" src=\"https:\/\/www.youtube.com\/embed\/tBoJ3T3T0wg?feature=oembed\" frameborder=\"0\" allow=\"accelerometer; autoplay; clipboard-write; encrypted-media; gyroscope; picture-in-picture; web-share\" referrerpolicy=\"strict-origin-when-cross-origin\" allowfullscreen><\/iframe>\n<\/div><\/figure>\n\n\n\n<p>Lukas later reflected backstage, \u201cPeace doesn\u2019t start with speeches. It starts with remembering where we come from \u2014 and who we\u2019ve lost.\u201d<\/p>\n\n\n\n<p>For a song about time,&nbsp;<em>\u201c7 Years\u201d<\/em>&nbsp;gave the world a moment that felt eternal.<\/p>\n","protected":false},"excerpt":{"rendered":"\u201cOnly 7 Years to Forever\u201d \u2014 Lukas Graham Moves the World at Nobel Peace Prize Concert with Unforgettable&hellip;\n","protected":false},"author":4,"featured_media":12402,"comment_status":"open","ping_status":"open","sticky":false,"template":"","format":"standard","meta":{"_jetpack_memberships_contains_paid_content":false,"footnotes":"","jetpack_publicize_message":"","jetpack_publicize_feature_enabled":true,"jetpack_social_post_already_shared":true,"jetpack_social_options":{"image_generator_settings":{"template":"highway","default_image_id":0,"font":"","enabled":false},"version":2}},"categories":[1],"tags":[],"class_list":{"0":"post-12400","1":"post","2":"type-post","3":"status-publish","4":"format-standard","5":"has-post-thumbnail","7":"category-musician"},"yoast_head":"<!-- This site is optimized with the Yoast SEO plugin v27.2 - https:\/\/yoast.com\/product\/yoast-seo-wordpress\/ -->\n<title>3:22 gave me goosebumps \u2013 In Oslo, during the 2017 celebration honoring global peacemakers, Lukas Graham silenced the entire hall with his performance of \u201c7 Years.\u201d No flashy stage effects, no choreography \u2014 just one man recounting a journey from childhood to loss. Lukas sang as if speaking to the world itself: that peace begins with memory, with family, with the familiar. And as he reached the final line, \u201cWill I think the world is cold?\u201d thousands sat in breathless stillness. A simple ballad\u2026 transformed into a prayer. - ArtGardenHub<\/title>\n<meta name=\"robots\" content=\"index, follow, max-snippet:-1, max-image-preview:large, max-video-preview:-1\" \/>\n<link rel=\"canonical\" href=\"https:\/\/artgardenhub.com\/?p=12400\" \/>\n<meta property=\"og:locale\" content=\"en_US\" \/>\n<meta property=\"og:type\" content=\"article\" \/>\n<meta property=\"og:title\" content=\"3:22 gave me goosebumps \u2013 In Oslo, during the 2017 celebration honoring global peacemakers, Lukas Graham silenced the entire hall with his performance of \u201c7 Years.\u201d No flashy stage effects, no choreography \u2014 just one man recounting a journey from childhood to loss. Lukas sang as if speaking to the world itself: that peace begins with memory, with family, with the familiar. And as he reached the final line, \u201cWill I think the world is cold?\u201d thousands sat in breathless stillness. A simple ballad\u2026 transformed into a prayer. - ArtGardenHub\" \/>\n<meta property=\"og:description\" content=\"\u201cOnly 7 Years to Forever\u201d \u2014 Lukas Graham Moves the World at Nobel Peace Prize Concert with Unforgettable&hellip;\" \/>\n<meta property=\"og:url\" content=\"https:\/\/artgardenhub.com\/?p=12400\" \/>\n<meta property=\"og:site_name\" content=\"ArtGardenHub\" \/>\n<meta property=\"article:published_time\" content=\"2025-08-06T11:36:07+00:00\" \/>\n<meta property=\"article:modified_time\" content=\"2025-08-06T11:36:09+00:00\" \/>\n<meta property=\"og:image\" content=\"https:\/\/artgardenhub.com\/wp-content\/uploads\/2025\/08\/hq720-1-2.jpg\" \/>\n\t<meta property=\"og:image:width\" content=\"686\" \/>\n\t<meta property=\"og:image:height\" content=\"386\" \/>\n\t<meta property=\"og:image:type\" content=\"image\/jpeg\" \/>\n<meta name=\"author\" content=\"Ozzy Osbourne\" \/>\n<meta name=\"twitter:card\" content=\"summary_large_image\" \/>\n<meta name=\"twitter:label1\" content=\"Written by\" \/>\n\t<meta name=\"twitter:data1\" content=\"Ozzy Osbourne\" \/>\n\t<meta name=\"twitter:label2\" content=\"Est. reading time\" \/>\n\t<meta name=\"twitter:data2\" content=\"2 minutes\" \/>\n<script type=\"application\/ld+json\" class=\"yoast-schema-graph\">{\"@context\":\"https:\/\/schema.org\",\"@graph\":[{\"@type\":\"Article\",\"@id\":\"https:\/\/artgardenhub.com\/?p=12400#article\",\"isPartOf\":{\"@id\":\"https:\/\/artgardenhub.com\/?p=12400\"},\"author\":{\"name\":\"Ozzy Osbourne\",\"@id\":\"https:\/\/artgardenhub.com\/#\/schema\/person\/aa5286ae2e0f09b835a7027a6e5677f5\"},\"headline\":\"3:22 gave me goosebumps \u2013 In Oslo, during the 2017 celebration honoring global peacemakers, Lukas Graham silenced the entire hall with his performance of \u201c7 Years.\u201d No flashy stage effects, no choreography \u2014 just one man recounting a journey from childhood to loss. Lukas sang as if speaking to the world itself: that peace begins with memory, with family, with the familiar. And as he reached the final line, \u201cWill I think the world is cold?\u201d thousands sat in breathless stillness. A simple ballad\u2026 transformed into a prayer.\",\"datePublished\":\"2025-08-06T11:36:07+00:00\",\"dateModified\":\"2025-08-06T11:36:09+00:00\",\"mainEntityOfPage\":{\"@id\":\"https:\/\/artgardenhub.com\/?p=12400\"},\"wordCount\":286,\"commentCount\":0,\"image\":{\"@id\":\"https:\/\/artgardenhub.com\/?p=12400#primaryimage\"},\"thumbnailUrl\":\"https:\/\/artgardenhub.com\/wp-content\/uploads\/2025\/08\/hq720-1-2.jpg\",\"articleSection\":[\"MUSICIAN\"],\"inLanguage\":\"en-US\",\"potentialAction\":[{\"@type\":\"CommentAction\",\"name\":\"Comment\",\"target\":[\"https:\/\/artgardenhub.com\/?p=12400#respond\"]}]},{\"@type\":\"WebPage\",\"@id\":\"https:\/\/artgardenhub.com\/?p=12400\",\"url\":\"https:\/\/artgardenhub.com\/?p=12400\",\"name\":\"3:22 gave me goosebumps \u2013 In Oslo, during the 2017 celebration honoring global peacemakers, Lukas Graham silenced the entire hall with his performance of \u201c7 Years.\u201d No flashy stage effects, no choreography \u2014 just one man recounting a journey from childhood to loss. Lukas sang as if speaking to the world itself: that peace begins with memory, with family, with the familiar. And as he reached the final line, \u201cWill I think the world is cold?\u201d thousands sat in breathless stillness. A simple ballad\u2026 transformed into a prayer. - ArtGardenHub\",\"isPartOf\":{\"@id\":\"https:\/\/artgardenhub.com\/#website\"},\"primaryImageOfPage\":{\"@id\":\"https:\/\/artgardenhub.com\/?p=12400#primaryimage\"},\"image\":{\"@id\":\"https:\/\/artgardenhub.com\/?p=12400#primaryimage\"},\"thumbnailUrl\":\"https:\/\/artgardenhub.com\/wp-content\/uploads\/2025\/08\/hq720-1-2.jpg\",\"datePublished\":\"2025-08-06T11:36:07+00:00\",\"dateModified\":\"2025-08-06T11:36:09+00:00\",\"author\":{\"@id\":\"https:\/\/artgardenhub.com\/#\/schema\/person\/aa5286ae2e0f09b835a7027a6e5677f5\"},\"breadcrumb\":{\"@id\":\"https:\/\/artgardenhub.com\/?p=12400#breadcrumb\"},\"inLanguage\":\"en-US\",\"potentialAction\":[{\"@type\":\"ReadAction\",\"target\":[\"https:\/\/artgardenhub.com\/?p=12400\"]}]},{\"@type\":\"ImageObject\",\"inLanguage\":\"en-US\",\"@id\":\"https:\/\/artgardenhub.com\/?p=12400#primaryimage\",\"url\":\"https:\/\/artgardenhub.com\/wp-content\/uploads\/2025\/08\/hq720-1-2.jpg\",\"contentUrl\":\"https:\/\/artgardenhub.com\/wp-content\/uploads\/2025\/08\/hq720-1-2.jpg\",\"width\":686,\"height\":386},{\"@type\":\"BreadcrumbList\",\"@id\":\"https:\/\/artgardenhub.com\/?p=12400#breadcrumb\",\"itemListElement\":[{\"@type\":\"ListItem\",\"position\":1,\"name\":\"Home\",\"item\":\"https:\/\/artgardenhub.com\/\"},{\"@type\":\"ListItem\",\"position\":2,\"name\":\"3:22 gave me goosebumps \u2013 In Oslo, during the 2017 celebration honoring global peacemakers, Lukas Graham silenced the entire hall with his performance of \u201c7 Years.\u201d No flashy stage effects, no choreography \u2014 just one man recounting a journey from childhood to loss. Lukas sang as if speaking to the world itself: that peace begins with memory, with family, with the familiar. And as he reached the final line, \u201cWill I think the world is cold?\u201d thousands sat in breathless stillness. A simple ballad\u2026 transformed into a prayer.\"}]},{\"@type\":\"WebSite\",\"@id\":\"https:\/\/artgardenhub.com\/#website\",\"url\":\"https:\/\/artgardenhub.com\/\",\"name\":\"ArtGardenHub\",\"description\":\"\",\"potentialAction\":[{\"@type\":\"SearchAction\",\"target\":{\"@type\":\"EntryPoint\",\"urlTemplate\":\"https:\/\/artgardenhub.com\/?s={search_term_string}\"},\"query-input\":{\"@type\":\"PropertyValueSpecification\",\"valueRequired\":true,\"valueName\":\"search_term_string\"}}],\"inLanguage\":\"en-US\"},{\"@type\":\"Person\",\"@id\":\"https:\/\/artgardenhub.com\/#\/schema\/person\/aa5286ae2e0f09b835a7027a6e5677f5\",\"name\":\"Ozzy Osbourne\",\"image\":{\"@type\":\"ImageObject\",\"inLanguage\":\"en-US\",\"@id\":\"https:\/\/secure.gravatar.com\/avatar\/2be62656c7fbcc6bbb074dc244efa6410ae005d0581f2683567a31fd33d4e454?s=96&d=mm&r=g\",\"url\":\"https:\/\/secure.gravatar.com\/avatar\/2be62656c7fbcc6bbb074dc244efa6410ae005d0581f2683567a31fd33d4e454?s=96&d=mm&r=g\",\"contentUrl\":\"https:\/\/secure.gravatar.com\/avatar\/2be62656c7fbcc6bbb074dc244efa6410ae005d0581f2683567a31fd33d4e454?s=96&d=mm&r=g\",\"caption\":\"Ozzy Osbourne\"}}]}<\/script>\n<!-- \/ Yoast SEO plugin. -->","yoast_head_json":{"title":"3:22 gave me goosebumps \u2013 In Oslo, during the 2017 celebration honoring global peacemakers, Lukas Graham silenced the entire hall with his performance of \u201c7 Years.\u201d No flashy stage effects, no choreography \u2014 just one man recounting a journey from childhood to loss. Lukas sang as if speaking to the world itself: that peace begins with memory, with family, with the familiar. And as he reached the final line, \u201cWill I think the world is cold?\u201d thousands sat in breathless stillness. A simple ballad\u2026 transformed into a prayer. - ArtGardenHub","robots":{"index":"index","follow":"follow","max-snippet":"max-snippet:-1","max-image-preview":"max-image-preview:large","max-video-preview":"max-video-preview:-1"},"canonical":"https:\/\/artgardenhub.com\/?p=12400","og_locale":"en_US","og_type":"article","og_title":"3:22 gave me goosebumps \u2013 In Oslo, during the 2017 celebration honoring global peacemakers, Lukas Graham silenced the entire hall with his performance of \u201c7 Years.\u201d No flashy stage effects, no choreography \u2014 just one man recounting a journey from childhood to loss. Lukas sang as if speaking to the world itself: that peace begins with memory, with family, with the familiar. And as he reached the final line, \u201cWill I think the world is cold?\u201d thousands sat in breathless stillness. A simple ballad\u2026 transformed into a prayer. - ArtGardenHub","og_description":"\u201cOnly 7 Years to Forever\u201d \u2014 Lukas Graham Moves the World at Nobel Peace Prize Concert with Unforgettable&hellip;","og_url":"https:\/\/artgardenhub.com\/?p=12400","og_site_name":"ArtGardenHub","article_published_time":"2025-08-06T11:36:07+00:00","article_modified_time":"2025-08-06T11:36:09+00:00","og_image":[{"width":686,"height":386,"url":"https:\/\/artgardenhub.com\/wp-content\/uploads\/2025\/08\/hq720-1-2.jpg","type":"image\/jpeg"}],"author":"Ozzy Osbourne","twitter_card":"summary_large_image","twitter_misc":{"Written by":"Ozzy Osbourne","Est. reading time":"2 minutes"},"schema":{"@context":"https:\/\/schema.org","@graph":[{"@type":"Article","@id":"https:\/\/artgardenhub.com\/?p=12400#article","isPartOf":{"@id":"https:\/\/artgardenhub.com\/?p=12400"},"author":{"name":"Ozzy Osbourne","@id":"https:\/\/artgardenhub.com\/#\/schema\/person\/aa5286ae2e0f09b835a7027a6e5677f5"},"headline":"3:22 gave me goosebumps \u2013 In Oslo, during the 2017 celebration honoring global peacemakers, Lukas Graham silenced the entire hall with his performance of \u201c7 Years.\u201d No flashy stage effects, no choreography \u2014 just one man recounting a journey from childhood to loss. Lukas sang as if speaking to the world itself: that peace begins with memory, with family, with the familiar. And as he reached the final line, \u201cWill I think the world is cold?\u201d thousands sat in breathless stillness. A simple ballad\u2026 transformed into a prayer.","datePublished":"2025-08-06T11:36:07+00:00","dateModified":"2025-08-06T11:36:09+00:00","mainEntityOfPage":{"@id":"https:\/\/artgardenhub.com\/?p=12400"},"wordCount":286,"commentCount":0,"image":{"@id":"https:\/\/artgardenhub.com\/?p=12400#primaryimage"},"thumbnailUrl":"https:\/\/artgardenhub.com\/wp-content\/uploads\/2025\/08\/hq720-1-2.jpg","articleSection":["MUSICIAN"],"inLanguage":"en-US","potentialAction":[{"@type":"CommentAction","name":"Comment","target":["https:\/\/artgardenhub.com\/?p=12400#respond"]}]},{"@type":"WebPage","@id":"https:\/\/artgardenhub.com\/?p=12400","url":"https:\/\/artgardenhub.com\/?p=12400","name":"3:22 gave me goosebumps \u2013 In Oslo, during the 2017 celebration honoring global peacemakers, Lukas Graham silenced the entire hall with his performance of \u201c7 Years.\u201d No flashy stage effects, no choreography \u2014 just one man recounting a journey from childhood to loss. Lukas sang as if speaking to the world itself: that peace begins with memory, with family, with the familiar. And as he reached the final line, \u201cWill I think the world is cold?\u201d thousands sat in breathless stillness. A simple ballad\u2026 transformed into a prayer. - ArtGardenHub","isPartOf":{"@id":"https:\/\/artgardenhub.com\/#website"},"primaryImageOfPage":{"@id":"https:\/\/artgardenhub.com\/?p=12400#primaryimage"},"image":{"@id":"https:\/\/artgardenhub.com\/?p=12400#primaryimage"},"thumbnailUrl":"https:\/\/artgardenhub.com\/wp-content\/uploads\/2025\/08\/hq720-1-2.jpg","datePublished":"2025-08-06T11:36:07+00:00","dateModified":"2025-08-06T11:36:09+00:00","author":{"@id":"https:\/\/artgardenhub.com\/#\/schema\/person\/aa5286ae2e0f09b835a7027a6e5677f5"},"breadcrumb":{"@id":"https:\/\/artgardenhub.com\/?p=12400#breadcrumb"},"inLanguage":"en-US","potentialAction":[{"@type":"ReadAction","target":["https:\/\/artgardenhub.com\/?p=12400"]}]},{"@type":"ImageObject","inLanguage":"en-US","@id":"https:\/\/artgardenhub.com\/?p=12400#primaryimage","url":"https:\/\/artgardenhub.com\/wp-content\/uploads\/2025\/08\/hq720-1-2.jpg","contentUrl":"https:\/\/artgardenhub.com\/wp-content\/uploads\/2025\/08\/hq720-1-2.jpg","width":686,"height":386},{"@type":"BreadcrumbList","@id":"https:\/\/artgardenhub.com\/?p=12400#breadcrumb","itemListElement":[{"@type":"ListItem","position":1,"name":"Home","item":"https:\/\/artgardenhub.com\/"},{"@type":"ListItem","position":2,"name":"3:22 gave me goosebumps \u2013 In Oslo, during the 2017 celebration honoring global peacemakers, Lukas Graham silenced the entire hall with his performance of \u201c7 Years.\u201d No flashy stage effects, no choreography \u2014 just one man recounting a journey from childhood to loss. Lukas sang as if speaking to the world itself: that peace begins with memory, with family, with the familiar. And as he reached the final line, \u201cWill I think the world is cold?\u201d thousands sat in breathless stillness. A simple ballad\u2026 transformed into a prayer."}]},{"@type":"WebSite","@id":"https:\/\/artgardenhub.com\/#website","url":"https:\/\/artgardenhub.com\/","name":"ArtGardenHub","description":"","potentialAction":[{"@type":"SearchAction","target":{"@type":"EntryPoint","urlTemplate":"https:\/\/artgardenhub.com\/?s={search_term_string}"},"query-input":{"@type":"PropertyValueSpecification","valueRequired":true,"valueName":"search_term_string"}}],"inLanguage":"en-US"},{"@type":"Person","@id":"https:\/\/artgardenhub.com\/#\/schema\/person\/aa5286ae2e0f09b835a7027a6e5677f5","name":"Ozzy Osbourne","image":{"@type":"ImageObject","inLanguage":"en-US","@id":"https:\/\/secure.gravatar.com\/avatar\/2be62656c7fbcc6bbb074dc244efa6410ae005d0581f2683567a31fd33d4e454?s=96&d=mm&r=g","url":"https:\/\/secure.gravatar.com\/avatar\/2be62656c7fbcc6bbb074dc244efa6410ae005d0581f2683567a31fd33d4e454?s=96&d=mm&r=g","contentUrl":"https:\/\/secure.gravatar.com\/avatar\/2be62656c7fbcc6bbb074dc244efa6410ae005d0581f2683567a31fd33d4e454?s=96&d=mm&r=g","caption":"Ozzy Osbourne"}}]}},"jetpack_publicize_connections":[],"jetpack_featured_media_url":"https:\/\/artgardenhub.com\/wp-content\/uploads\/2025\/08\/hq720-1-2.jpg","jetpack_sharing_enabled":true,"_links":{"self":[{"href":"https:\/\/artgardenhub.com\/index.php?rest_route=\/wp\/v2\/posts\/12400","targetHints":{"allow":["GET"]}}],"collection":[{"href":"https:\/\/artgardenhub.com\/index.php?rest_route=\/wp\/v2\/posts"}],"about":[{"href":"https:\/\/artgardenhub.com\/index.php?rest_route=\/wp\/v2\/types\/post"}],"author":[{"embeddable":true,"href":"https:\/\/artgardenhub.com\/index.php?rest_route=\/wp\/v2\/users\/4"}],"replies":[{"embeddable":true,"href":"https:\/\/artgardenhub.com\/index.php?rest_route=%2Fwp%2Fv2%2Fcomments&post=12400"}],"version-history":[{"count":1,"href":"https:\/\/artgardenhub.com\/index.php?rest_route=\/wp\/v2\/posts\/12400\/revisions"}],"predecessor-version":[{"id":12403,"href":"https:\/\/artgardenhub.com\/index.php?rest_route=\/wp\/v2\/posts\/12400\/revisions\/12403"}],"wp:featuredmedia":[{"embeddable":true,"href":"https:\/\/artgardenhub.com\/index.php?rest_route=\/wp\/v2\/media\/12402"}],"wp:attachment":[{"href":"https:\/\/artgardenhub.com\/index.php?rest_route=%2Fwp%2Fv2%2Fmedia&parent=12400"}],"wp:term":[{"taxonomy":"category","embeddable":true,"href":"https:\/\/artgardenhub.com\/index.php?rest_route=%2Fwp%2Fv2%2Fcategories&post=12400"},{"taxonomy":"post_tag","embeddable":true,"href":"https:\/\/artgardenhub.com\/index.php?rest_route=%2Fwp%2Fv2%2Ftags&post=12400"}],"curies":[{"name":"wp","href":"https:\/\/api.w.org\/{rel}","templated":true}]}}