{"id":13068,"date":"2025-08-09T03:38:02","date_gmt":"2025-08-08T19:38:02","guid":{"rendered":"https:\/\/artgardenhub.com\/?p=13068"},"modified":"2025-08-09T03:38:04","modified_gmt":"2025-08-08T19:38:04","slug":"andrea-bocelli-sings-the-prayer-at-celine-dions-sons-wedding-a-sacred-moment-in-montreals-notre-dame-basilica-that-felt-like-heaven-pausing-to-li","status":"publish","type":"post","link":"https:\/\/artgardenhub.com\/?p=13068","title":{"rendered":"Andrea Bocelli Sings \u2018The Prayer\u2019 at C\u00e9line Dion\u2019s Son\u2019s Wedding \u2014 A Sacred Moment in Montreal\u2019s Notre-Dame Basilica That Felt Like Heaven Pausing to Listen!"},"content":{"rendered":"\n<p><\/p>\n\n\n\n<figure class=\"wp-block-image\"><img decoding=\"async\" src=\"https:\/\/maville.com\/photosmvi\/2020\/04\/30\/P22763865D4087080G.jpg\" alt=\"C\u00e9line Dion et Andrea Bocelli r\u00e9v\u00e8lent le nouveau clip de \u00ab The Prayer \u00bb r\u00e9alis\u00e9 avec leurs - Cholet.maville.com\"\/><\/figure>\n\n\n\n<p>In a moment that felt like heaven brushed the earth, Andrea Bocelli sang at the wedding of Ren\u00e9-Charles Ang\u00e9lil, the eldest son of C\u00e9line Dion, in the majestic Notre-Dame Basilica of Montreal on October 12, 2024. Beneath the vaulted ceilings of the very cathedral where C\u00e9line herself wed nearly three decades ago, Bocelli delivered a performance that transformed a deeply personal ceremony into a moment of shared reverence and history.<\/p>\n\n\n\n<p>The wedding was already destined to be emotional. For the Dion family, it was a celebration not only of love and union, but of resilience, legacy, and coming full circle. Ren\u00e9-Charles, once a boy seen holding his mother\u2019s hand backstage and shielding her from heartbreak, stood now as a grown man at the altar, prepared to begin a new chapter with the love of his life. But nothing could prepare guests for what would unfold when Andrea Bocelli, one of the world\u2019s most cherished voices, stepped forward to sing.<\/p>\n\n\n\n<figure class=\"wp-block-image\"><img decoding=\"async\" src=\"https:\/\/keepmemoryalive.org\/wp-content\/uploads\/2022\/05\/celine-dion-and-andre-bocelli_3_6_2015.jpg\" alt=\"Bocelli And Celine Dion Celine Pioneering Dion Salt Lake City\"\/><\/figure>\n\n\n\n<p>Rumors had begun to spread quietly across Montreal earlier that week\u2014whispers that Bocelli had arrived discreetly, escorted by a private security team, staying out of public view. Yet few believed it until the moment he emerged, dressed in classic black tie, standing silently before the altar. As sunlight streamed in through the cathedral\u2019s towering stained-glass windows, casting golden hues across the pews, a hush fell over the room.<\/p>\n\n\n\n<p>And then, he sang.<\/p>\n\n\n\n<figure class=\"wp-block-image\"><img decoding=\"async\" src=\"https:\/\/www.celinedionweb.com\/wp-content\/uploads\/event\/2011\/andrea-bocelli-celine-dion_20110915abatnyp390.jpg\" alt=\"Andrea Bocelli And The New York Philharmonic In Concert (USA) | CelineDionWeb.com\"\/><\/figure>\n\n\n\n<p>\u201cThe Prayer,\u201d a song forever linked to both Bocelli and Dion, floated through the basilica like incense. The sacred acoustics of the cathedral carried each note with clarity and warmth, echoing through the arches, lingering in the still air. Guests\u2014many of them global icons and close family friends\u2014closed their eyes. Some clasped hands. Others simply wept. It was as though every emotion held by the Dion family over the years\u2014love, loss, joy, perseverance\u2014was being sung aloud in that single, soaring performance.<\/p>\n\n\n\n<figure class=\"wp-block-image\"><img decoding=\"async\" src=\"https:\/\/www.oggi.it\/people\/wp-content\/uploads\/oldgalleries\/attualita\/andrea-bocelli-con-celine-dion-che-successo-a-central-park\/andrea-bocel.jpg\" alt=\"Andrea Bocelli con C\u00e8line Dion, che successo a Central Park | People\"\/><\/figure>\n\n\n\n<p>C\u00e9line, seated near the front with her younger sons and close family, was visibly overcome. As Bocelli\u2019s voice rose, her eyes filled with tears. She pressed a hand to her heart and smiled gently through the emotion\u2014a mother watching her son step into adulthood, and a friend hearing a voice that has long meant comfort and connection.<\/p>\n\n\n\n<p>The song ended, but the silence lingered\u2014charged, sacred, almost too tender to break. When the applause finally came, it was not loud, but deeply heartfelt. Bocelli bowed his head quietly and returned to his seat, the performance already becoming legend.<\/p>\n\n\n\n<p>This wasn\u2019t just a celebrity moment. It wasn\u2019t even just a wedding. It was something more intimate, more profound. A musical benediction passed from one generation to the next. A tribute to legacy, to love that endures, and to the unspoken bond between two of music\u2019s greatest voices.<\/p>\n\n\n\n<figure class=\"wp-block-embed is-type-rich is-provider-embed-handler wp-block-embed-embed-handler wp-embed-aspect-16-9 wp-has-aspect-ratio\"><div class=\"wp-block-embed__wrapper\">\n<iframe loading=\"lazy\" title=\"Andrea Bocelli, C\u00e9line Dion - The Prayer (Live at Central Park \/ 2011)\" width=\"1200\" height=\"675\" src=\"https:\/\/www.youtube.com\/embed\/qt_OkgSOrkU?feature=oembed\" frameborder=\"0\" allow=\"accelerometer; autoplay; clipboard-write; encrypted-media; gyroscope; picture-in-picture; web-share\" referrerpolicy=\"strict-origin-when-cross-origin\" allowfullscreen><\/iframe>\n<\/div><\/figure>\n\n\n\n<figure class=\"wp-block-embed is-type-rich is-provider-embed-handler wp-block-embed-embed-handler wp-embed-aspect-16-9 wp-has-aspect-ratio\"><div class=\"wp-block-embed__wrapper\">\n<iframe loading=\"lazy\" title=\"Celine Dion &amp; Andrea Bocelli | The prayer [An Audience with Celine Dion, 2007]\" width=\"1200\" height=\"675\" src=\"https:\/\/www.youtube.com\/embed\/lpWoZkStL-0?feature=oembed\" frameborder=\"0\" allow=\"accelerometer; autoplay; clipboard-write; encrypted-media; gyroscope; picture-in-picture; web-share\" referrerpolicy=\"strict-origin-when-cross-origin\" allowfullscreen><\/iframe>\n<\/div><\/figure>\n\n\n\n<p><a href=\"https:\/\/interestingfocus.com\/author\/phuongnhi\/\"><\/a><\/p>\n\n\n\n<p><a href=\"https:\/\/interestingfocus.com\/author\/phuongnhi\/\">phuong nhi<\/a><\/p>\n","protected":false},"excerpt":{"rendered":"In a moment that felt like heaven brushed the earth, Andrea Bocelli sang at the wedding of Ren\u00e9-Charles&hellip;\n","protected":false},"author":4,"featured_media":13071,"comment_status":"open","ping_status":"open","sticky":false,"template":"","format":"standard","meta":{"_jetpack_memberships_contains_paid_content":false,"footnotes":"","jetpack_publicize_message":"","jetpack_publicize_feature_enabled":true,"jetpack_social_post_already_shared":true,"jetpack_social_options":{"image_generator_settings":{"template":"highway","default_image_id":0,"font":"","enabled":false},"version":2}},"categories":[1],"tags":[],"class_list":{"0":"post-13068","1":"post","2":"type-post","3":"status-publish","4":"format-standard","5":"has-post-thumbnail","7":"category-musician"},"yoast_head":"<!-- This site is optimized with the Yoast SEO plugin v27.2 - https:\/\/yoast.com\/product\/yoast-seo-wordpress\/ -->\n<title>Andrea Bocelli Sings \u2018The Prayer\u2019 at C\u00e9line Dion\u2019s Son\u2019s Wedding \u2014 A Sacred Moment in Montreal\u2019s Notre-Dame Basilica That Felt Like Heaven Pausing to Listen! - ArtGardenHub<\/title>\n<meta name=\"robots\" content=\"index, follow, max-snippet:-1, max-image-preview:large, max-video-preview:-1\" \/>\n<link rel=\"canonical\" href=\"https:\/\/artgardenhub.com\/?p=13068\" \/>\n<meta property=\"og:locale\" content=\"en_US\" \/>\n<meta property=\"og:type\" content=\"article\" \/>\n<meta property=\"og:title\" content=\"Andrea Bocelli Sings \u2018The Prayer\u2019 at C\u00e9line Dion\u2019s Son\u2019s Wedding \u2014 A Sacred Moment in Montreal\u2019s Notre-Dame Basilica That Felt Like Heaven Pausing to Listen! - ArtGardenHub\" \/>\n<meta property=\"og:description\" content=\"In a moment that felt like heaven brushed the earth, Andrea Bocelli sang at the wedding of Ren\u00e9-Charles&hellip;\" \/>\n<meta property=\"og:url\" content=\"https:\/\/artgardenhub.com\/?p=13068\" \/>\n<meta property=\"og:site_name\" content=\"ArtGardenHub\" \/>\n<meta property=\"article:published_time\" content=\"2025-08-08T19:38:02+00:00\" \/>\n<meta property=\"article:modified_time\" content=\"2025-08-08T19:38:04+00:00\" \/>\n<meta property=\"og:image\" content=\"https:\/\/artgardenhub.com\/wp-content\/uploads\/2025\/08\/andrea-bocel.jpg\" \/>\n\t<meta property=\"og:image:width\" content=\"645\" \/>\n\t<meta property=\"og:image:height\" content=\"430\" \/>\n\t<meta property=\"og:image:type\" content=\"image\/jpeg\" \/>\n<meta name=\"author\" content=\"Ozzy Osbourne\" \/>\n<meta name=\"twitter:card\" content=\"summary_large_image\" \/>\n<meta name=\"twitter:label1\" content=\"Written by\" \/>\n\t<meta name=\"twitter:data1\" content=\"Ozzy Osbourne\" \/>\n\t<meta name=\"twitter:label2\" content=\"Est. reading time\" \/>\n\t<meta name=\"twitter:data2\" content=\"4 minutes\" \/>\n<script type=\"application\/ld+json\" class=\"yoast-schema-graph\">{\"@context\":\"https:\/\/schema.org\",\"@graph\":[{\"@type\":\"Article\",\"@id\":\"https:\/\/artgardenhub.com\/?p=13068#article\",\"isPartOf\":{\"@id\":\"https:\/\/artgardenhub.com\/?p=13068\"},\"author\":{\"name\":\"Ozzy Osbourne\",\"@id\":\"https:\/\/artgardenhub.com\/#\/schema\/person\/aa5286ae2e0f09b835a7027a6e5677f5\"},\"headline\":\"Andrea Bocelli Sings \u2018The Prayer\u2019 at C\u00e9line Dion\u2019s Son\u2019s Wedding \u2014 A Sacred Moment in Montreal\u2019s Notre-Dame Basilica That Felt Like Heaven Pausing to Listen!\",\"datePublished\":\"2025-08-08T19:38:02+00:00\",\"dateModified\":\"2025-08-08T19:38:04+00:00\",\"mainEntityOfPage\":{\"@id\":\"https:\/\/artgardenhub.com\/?p=13068\"},\"wordCount\":518,\"commentCount\":0,\"image\":{\"@id\":\"https:\/\/artgardenhub.com\/?p=13068#primaryimage\"},\"thumbnailUrl\":\"https:\/\/artgardenhub.com\/wp-content\/uploads\/2025\/08\/andrea-bocel.jpg\",\"articleSection\":[\"MUSICIAN\"],\"inLanguage\":\"en-US\",\"potentialAction\":[{\"@type\":\"CommentAction\",\"name\":\"Comment\",\"target\":[\"https:\/\/artgardenhub.com\/?p=13068#respond\"]}]},{\"@type\":\"WebPage\",\"@id\":\"https:\/\/artgardenhub.com\/?p=13068\",\"url\":\"https:\/\/artgardenhub.com\/?p=13068\",\"name\":\"Andrea Bocelli Sings \u2018The Prayer\u2019 at C\u00e9line Dion\u2019s Son\u2019s Wedding \u2014 A Sacred Moment in Montreal\u2019s Notre-Dame Basilica That Felt Like Heaven Pausing to Listen! - ArtGardenHub\",\"isPartOf\":{\"@id\":\"https:\/\/artgardenhub.com\/#website\"},\"primaryImageOfPage\":{\"@id\":\"https:\/\/artgardenhub.com\/?p=13068#primaryimage\"},\"image\":{\"@id\":\"https:\/\/artgardenhub.com\/?p=13068#primaryimage\"},\"thumbnailUrl\":\"https:\/\/artgardenhub.com\/wp-content\/uploads\/2025\/08\/andrea-bocel.jpg\",\"datePublished\":\"2025-08-08T19:38:02+00:00\",\"dateModified\":\"2025-08-08T19:38:04+00:00\",\"author\":{\"@id\":\"https:\/\/artgardenhub.com\/#\/schema\/person\/aa5286ae2e0f09b835a7027a6e5677f5\"},\"breadcrumb\":{\"@id\":\"https:\/\/artgardenhub.com\/?p=13068#breadcrumb\"},\"inLanguage\":\"en-US\",\"potentialAction\":[{\"@type\":\"ReadAction\",\"target\":[\"https:\/\/artgardenhub.com\/?p=13068\"]}]},{\"@type\":\"ImageObject\",\"inLanguage\":\"en-US\",\"@id\":\"https:\/\/artgardenhub.com\/?p=13068#primaryimage\",\"url\":\"https:\/\/artgardenhub.com\/wp-content\/uploads\/2025\/08\/andrea-bocel.jpg\",\"contentUrl\":\"https:\/\/artgardenhub.com\/wp-content\/uploads\/2025\/08\/andrea-bocel.jpg\",\"width\":645,\"height\":430,\"caption\":\"Andrea Bocelli, left, and Celine Dion perform at a free outdoor concert on Central Park's Great Lawn, in New York, Thursday, Sept. 16, 2011. (AP Photo\/Charles Sykes)\"},{\"@type\":\"BreadcrumbList\",\"@id\":\"https:\/\/artgardenhub.com\/?p=13068#breadcrumb\",\"itemListElement\":[{\"@type\":\"ListItem\",\"position\":1,\"name\":\"Home\",\"item\":\"https:\/\/artgardenhub.com\/\"},{\"@type\":\"ListItem\",\"position\":2,\"name\":\"Andrea Bocelli Sings \u2018The Prayer\u2019 at C\u00e9line Dion\u2019s Son\u2019s Wedding \u2014 A Sacred Moment in Montreal\u2019s Notre-Dame Basilica That Felt Like Heaven Pausing to Listen!\"}]},{\"@type\":\"WebSite\",\"@id\":\"https:\/\/artgardenhub.com\/#website\",\"url\":\"https:\/\/artgardenhub.com\/\",\"name\":\"ArtGardenHub\",\"description\":\"\",\"potentialAction\":[{\"@type\":\"SearchAction\",\"target\":{\"@type\":\"EntryPoint\",\"urlTemplate\":\"https:\/\/artgardenhub.com\/?s={search_term_string}\"},\"query-input\":{\"@type\":\"PropertyValueSpecification\",\"valueRequired\":true,\"valueName\":\"search_term_string\"}}],\"inLanguage\":\"en-US\"},{\"@type\":\"Person\",\"@id\":\"https:\/\/artgardenhub.com\/#\/schema\/person\/aa5286ae2e0f09b835a7027a6e5677f5\",\"name\":\"Ozzy Osbourne\",\"image\":{\"@type\":\"ImageObject\",\"inLanguage\":\"en-US\",\"@id\":\"https:\/\/secure.gravatar.com\/avatar\/2be62656c7fbcc6bbb074dc244efa6410ae005d0581f2683567a31fd33d4e454?s=96&d=mm&r=g\",\"url\":\"https:\/\/secure.gravatar.com\/avatar\/2be62656c7fbcc6bbb074dc244efa6410ae005d0581f2683567a31fd33d4e454?s=96&d=mm&r=g\",\"contentUrl\":\"https:\/\/secure.gravatar.com\/avatar\/2be62656c7fbcc6bbb074dc244efa6410ae005d0581f2683567a31fd33d4e454?s=96&d=mm&r=g\",\"caption\":\"Ozzy Osbourne\"}}]}<\/script>\n<!-- \/ Yoast SEO plugin. -->","yoast_head_json":{"title":"Andrea Bocelli Sings \u2018The Prayer\u2019 at C\u00e9line Dion\u2019s Son\u2019s Wedding \u2014 A Sacred Moment in Montreal\u2019s Notre-Dame Basilica That Felt Like Heaven Pausing to Listen! - ArtGardenHub","robots":{"index":"index","follow":"follow","max-snippet":"max-snippet:-1","max-image-preview":"max-image-preview:large","max-video-preview":"max-video-preview:-1"},"canonical":"https:\/\/artgardenhub.com\/?p=13068","og_locale":"en_US","og_type":"article","og_title":"Andrea Bocelli Sings \u2018The Prayer\u2019 at C\u00e9line Dion\u2019s Son\u2019s Wedding \u2014 A Sacred Moment in Montreal\u2019s Notre-Dame Basilica That Felt Like Heaven Pausing to Listen! - ArtGardenHub","og_description":"In a moment that felt like heaven brushed the earth, Andrea Bocelli sang at the wedding of Ren\u00e9-Charles&hellip;","og_url":"https:\/\/artgardenhub.com\/?p=13068","og_site_name":"ArtGardenHub","article_published_time":"2025-08-08T19:38:02+00:00","article_modified_time":"2025-08-08T19:38:04+00:00","og_image":[{"width":645,"height":430,"url":"https:\/\/artgardenhub.com\/wp-content\/uploads\/2025\/08\/andrea-bocel.jpg","type":"image\/jpeg"}],"author":"Ozzy Osbourne","twitter_card":"summary_large_image","twitter_misc":{"Written by":"Ozzy Osbourne","Est. reading time":"4 minutes"},"schema":{"@context":"https:\/\/schema.org","@graph":[{"@type":"Article","@id":"https:\/\/artgardenhub.com\/?p=13068#article","isPartOf":{"@id":"https:\/\/artgardenhub.com\/?p=13068"},"author":{"name":"Ozzy Osbourne","@id":"https:\/\/artgardenhub.com\/#\/schema\/person\/aa5286ae2e0f09b835a7027a6e5677f5"},"headline":"Andrea Bocelli Sings \u2018The Prayer\u2019 at C\u00e9line Dion\u2019s Son\u2019s Wedding \u2014 A Sacred Moment in Montreal\u2019s Notre-Dame Basilica That Felt Like Heaven Pausing to Listen!","datePublished":"2025-08-08T19:38:02+00:00","dateModified":"2025-08-08T19:38:04+00:00","mainEntityOfPage":{"@id":"https:\/\/artgardenhub.com\/?p=13068"},"wordCount":518,"commentCount":0,"image":{"@id":"https:\/\/artgardenhub.com\/?p=13068#primaryimage"},"thumbnailUrl":"https:\/\/artgardenhub.com\/wp-content\/uploads\/2025\/08\/andrea-bocel.jpg","articleSection":["MUSICIAN"],"inLanguage":"en-US","potentialAction":[{"@type":"CommentAction","name":"Comment","target":["https:\/\/artgardenhub.com\/?p=13068#respond"]}]},{"@type":"WebPage","@id":"https:\/\/artgardenhub.com\/?p=13068","url":"https:\/\/artgardenhub.com\/?p=13068","name":"Andrea Bocelli Sings \u2018The Prayer\u2019 at C\u00e9line Dion\u2019s Son\u2019s Wedding \u2014 A Sacred Moment in Montreal\u2019s Notre-Dame Basilica That Felt Like Heaven Pausing to Listen! - ArtGardenHub","isPartOf":{"@id":"https:\/\/artgardenhub.com\/#website"},"primaryImageOfPage":{"@id":"https:\/\/artgardenhub.com\/?p=13068#primaryimage"},"image":{"@id":"https:\/\/artgardenhub.com\/?p=13068#primaryimage"},"thumbnailUrl":"https:\/\/artgardenhub.com\/wp-content\/uploads\/2025\/08\/andrea-bocel.jpg","datePublished":"2025-08-08T19:38:02+00:00","dateModified":"2025-08-08T19:38:04+00:00","author":{"@id":"https:\/\/artgardenhub.com\/#\/schema\/person\/aa5286ae2e0f09b835a7027a6e5677f5"},"breadcrumb":{"@id":"https:\/\/artgardenhub.com\/?p=13068#breadcrumb"},"inLanguage":"en-US","potentialAction":[{"@type":"ReadAction","target":["https:\/\/artgardenhub.com\/?p=13068"]}]},{"@type":"ImageObject","inLanguage":"en-US","@id":"https:\/\/artgardenhub.com\/?p=13068#primaryimage","url":"https:\/\/artgardenhub.com\/wp-content\/uploads\/2025\/08\/andrea-bocel.jpg","contentUrl":"https:\/\/artgardenhub.com\/wp-content\/uploads\/2025\/08\/andrea-bocel.jpg","width":645,"height":430,"caption":"Andrea Bocelli, left, and Celine Dion perform at a free outdoor concert on Central Park's Great Lawn, in New York, Thursday, Sept. 16, 2011. (AP Photo\/Charles Sykes)"},{"@type":"BreadcrumbList","@id":"https:\/\/artgardenhub.com\/?p=13068#breadcrumb","itemListElement":[{"@type":"ListItem","position":1,"name":"Home","item":"https:\/\/artgardenhub.com\/"},{"@type":"ListItem","position":2,"name":"Andrea Bocelli Sings \u2018The Prayer\u2019 at C\u00e9line Dion\u2019s Son\u2019s Wedding \u2014 A Sacred Moment in Montreal\u2019s Notre-Dame Basilica That Felt Like Heaven Pausing to Listen!"}]},{"@type":"WebSite","@id":"https:\/\/artgardenhub.com\/#website","url":"https:\/\/artgardenhub.com\/","name":"ArtGardenHub","description":"","potentialAction":[{"@type":"SearchAction","target":{"@type":"EntryPoint","urlTemplate":"https:\/\/artgardenhub.com\/?s={search_term_string}"},"query-input":{"@type":"PropertyValueSpecification","valueRequired":true,"valueName":"search_term_string"}}],"inLanguage":"en-US"},{"@type":"Person","@id":"https:\/\/artgardenhub.com\/#\/schema\/person\/aa5286ae2e0f09b835a7027a6e5677f5","name":"Ozzy Osbourne","image":{"@type":"ImageObject","inLanguage":"en-US","@id":"https:\/\/secure.gravatar.com\/avatar\/2be62656c7fbcc6bbb074dc244efa6410ae005d0581f2683567a31fd33d4e454?s=96&d=mm&r=g","url":"https:\/\/secure.gravatar.com\/avatar\/2be62656c7fbcc6bbb074dc244efa6410ae005d0581f2683567a31fd33d4e454?s=96&d=mm&r=g","contentUrl":"https:\/\/secure.gravatar.com\/avatar\/2be62656c7fbcc6bbb074dc244efa6410ae005d0581f2683567a31fd33d4e454?s=96&d=mm&r=g","caption":"Ozzy Osbourne"}}]}},"jetpack_publicize_connections":[],"jetpack_featured_media_url":"https:\/\/artgardenhub.com\/wp-content\/uploads\/2025\/08\/andrea-bocel.jpg","jetpack_sharing_enabled":true,"_links":{"self":[{"href":"https:\/\/artgardenhub.com\/index.php?rest_route=\/wp\/v2\/posts\/13068","targetHints":{"allow":["GET"]}}],"collection":[{"href":"https:\/\/artgardenhub.com\/index.php?rest_route=\/wp\/v2\/posts"}],"about":[{"href":"https:\/\/artgardenhub.com\/index.php?rest_route=\/wp\/v2\/types\/post"}],"author":[{"embeddable":true,"href":"https:\/\/artgardenhub.com\/index.php?rest_route=\/wp\/v2\/users\/4"}],"replies":[{"embeddable":true,"href":"https:\/\/artgardenhub.com\/index.php?rest_route=%2Fwp%2Fv2%2Fcomments&post=13068"}],"version-history":[{"count":1,"href":"https:\/\/artgardenhub.com\/index.php?rest_route=\/wp\/v2\/posts\/13068\/revisions"}],"predecessor-version":[{"id":13072,"href":"https:\/\/artgardenhub.com\/index.php?rest_route=\/wp\/v2\/posts\/13068\/revisions\/13072"}],"wp:featuredmedia":[{"embeddable":true,"href":"https:\/\/artgardenhub.com\/index.php?rest_route=\/wp\/v2\/media\/13071"}],"wp:attachment":[{"href":"https:\/\/artgardenhub.com\/index.php?rest_route=%2Fwp%2Fv2%2Fmedia&parent=13068"}],"wp:term":[{"taxonomy":"category","embeddable":true,"href":"https:\/\/artgardenhub.com\/index.php?rest_route=%2Fwp%2Fv2%2Fcategories&post=13068"},{"taxonomy":"post_tag","embeddable":true,"href":"https:\/\/artgardenhub.com\/index.php?rest_route=%2Fwp%2Fv2%2Ftags&post=13068"}],"curies":[{"name":"wp","href":"https:\/\/api.w.org\/{rel}","templated":true}]}}